{"id":1083,"date":"2023-03-27T16:33:42","date_gmt":"2023-03-27T16:33:42","guid":{"rendered":"http:\/\/vsringelsdorf-niederabsdorf.ac.at\/?p=1083"},"modified":"2023-03-27T16:33:42","modified_gmt":"2023-03-27T16:33:42","slug":"oesterreichischer-vorlesetag-2023","status":"publish","type":"post","link":"http:\/\/vsringelsdorf-niederabsdorf.ac.at\/?p=1083","title":{"rendered":"\u00d6sterreichischer Vorlesetag 2023"},"content":{"rendered":"\n<p>Am 23. M\u00e4rz fand in diesem Jahr bereits zum sechsten Mal der \u00d6sterreichische Vorlesetag statt.<\/p>\n\n\n\n<p>Auch in unserer Schule stand an diesem Tag das \u201eVorgelesen bekommen\u201c im Mittelpunkt. Die Lehrerinnen und Lehrer der Volksschule, sowie unser Herr Vizeb\u00fcrgermeister Manfred Pfarr stellten Sach- und Kinderb\u00fccher vor, oder gaben kleine Geschichten daraus zum Besten. Umrahmt wurde das Programm von der gesunden Jause des Elternvereins! Die Leiterin der \u00d6ffentlichen B\u00fccherei Niederabsdorf, Gabi Pfarr, organisierte diesen Vormittag und stellte dazu die B\u00fccher zur Verf\u00fcgung. Film und Fotos stammen von Herrn Daniel Weber &#8211; herzlichen Dank!<\/p>\n\n\n\n<figure class=\"wp-block-image size-large\"><img loading=\"lazy\" decoding=\"async\" width=\"1024\" height=\"390\" src=\"http:\/\/vsringelsdorf-niederabsdorf.ac.at\/wp-content\/uploads\/2023\/03\/Ingo-1024x390.jpg\" alt=\"\" class=\"wp-image-1085\" srcset=\"http:\/\/vsringelsdorf-niederabsdorf.ac.at\/wp-content\/uploads\/2023\/03\/Ingo-1024x390.jpg 1024w, http:\/\/vsringelsdorf-niederabsdorf.ac.at\/wp-content\/uploads\/2023\/03\/Ingo-300x114.jpg 300w, http:\/\/vsringelsdorf-niederabsdorf.ac.at\/wp-content\/uploads\/2023\/03\/Ingo-768x293.jpg 768w, http:\/\/vsringelsdorf-niederabsdorf.ac.at\/wp-content\/uploads\/2023\/03\/Ingo-1536x585.jpg 1536w, http:\/\/vsringelsdorf-niederabsdorf.ac.at\/wp-content\/uploads\/2023\/03\/Ingo-2048x780.jpg 2048w\" sizes=\"auto, (max-width: 1024px) 100vw, 1024px\" \/><\/figure>\n","protected":false},"excerpt":{"rendered":"<p>Am 23. M\u00e4rz fand in diesem Jahr bereits zum sechsten Mal der \u00d6sterreichische Vorlesetag statt. Auch in unserer Schule stand an diesem Tag das \u201eVorgelesen bekommen\u201c im Mittelpunkt. Die Lehrerinnen und Lehrer der Volksschule, sowie unser Herr Vizeb\u00fcrgermeister Manfred Pfarr<\/p>\n","protected":false},"author":2,"featured_media":1086,"comment_status":"closed","ping_status":"closed","sticky":false,"template":"","format":"standard","meta":{"footnotes":""},"categories":[1],"tags":[],"class_list":["post-1083","post","type-post","status-publish","format-standard","has-post-thumbnail","hentry","category-uncategorized"],"_links":{"self":[{"href":"http:\/\/vsringelsdorf-niederabsdorf.ac.at\/index.php?rest_route=\/wp\/v2\/posts\/1083","targetHints":{"allow":["GET"]}}],"collection":[{"href":"http:\/\/vsringelsdorf-niederabsdorf.ac.at\/index.php?rest_route=\/wp\/v2\/posts"}],"about":[{"href":"http:\/\/vsringelsdorf-niederabsdorf.ac.at\/index.php?rest_route=\/wp\/v2\/types\/post"}],"author":[{"embeddable":true,"href":"http:\/\/vsringelsdorf-niederabsdorf.ac.at\/index.php?rest_route=\/wp\/v2\/users\/2"}],"replies":[{"embeddable":true,"href":"http:\/\/vsringelsdorf-niederabsdorf.ac.at\/index.php?rest_route=%2Fwp%2Fv2%2Fcomments&post=1083"}],"version-history":[{"count":2,"href":"http:\/\/vsringelsdorf-niederabsdorf.ac.at\/index.php?rest_route=\/wp\/v2\/posts\/1083\/revisions"}],"predecessor-version":[{"id":1087,"href":"http:\/\/vsringelsdorf-niederabsdorf.ac.at\/index.php?rest_route=\/wp\/v2\/posts\/1083\/revisions\/1087"}],"wp:featuredmedia":[{"embeddable":true,"href":"http:\/\/vsringelsdorf-niederabsdorf.ac.at\/index.php?rest_route=\/wp\/v2\/media\/1086"}],"wp:attachment":[{"href":"http:\/\/vsringelsdorf-niederabsdorf.ac.at\/index.php?rest_route=%2Fwp%2Fv2%2Fmedia&parent=1083"}],"wp:term":[{"taxonomy":"category","embeddable":true,"href":"http:\/\/vsringelsdorf-niederabsdorf.ac.at\/index.php?rest_route=%2Fwp%2Fv2%2Fcategories&post=1083"},{"taxonomy":"post_tag","embeddable":true,"href":"http:\/\/vsringelsdorf-niederabsdorf.ac.at\/index.php?rest_route=%2Fwp%2Fv2%2Ftags&post=1083"}],"curies":[{"name":"wp","href":"https:\/\/api.w.org\/{rel}","templated":true}]}}